{"id":24655,"date":"2026-04-28T16:22:30","date_gmt":"2026-04-28T19:22:30","guid":{"rendered":"https:\/\/sejuri.sc.gov.br\/?p=24655"},"modified":"2026-04-28T18:16:58","modified_gmt":"2026-04-28T21:16:58","slug":"policia-penal-realiza-nova-escolta-interestadual-e-transfere-25-custodiados-ao-parana","status":"publish","type":"post","link":"https:\/\/sejuri.sc.gov.br\/en\/policia-penal-realiza-nova-escolta-interestadual-e-transfere-25-custodiados-ao-parana\/","title":{"rendered":"Pol\u00edcia Penal realiza nova escolta interestadual e transfere 25 custodiados ao Paran\u00e1"},"content":{"rendered":"<p style=\"text-align: justify;\"><span style=\"font-weight: 400;\">Nesta ter\u00e7a-feira (28), a Pol\u00edcia Penal de Santa Catarina realizou mais uma opera\u00e7\u00e3o de escolta interestadual, garantindo a transfer\u00eancia de 25 pessoas privadas de liberdade do estado catarinense para o Paran\u00e1.<\/span><\/p>\n<p style=\"text-align: justify;\"><span style=\"font-weight: 400;\">Os custodiados, oriundos de diferentes unidades prisionais do estado, foram concentrados em Joinville, de onde seguiram em transfer\u00eancia escoltada at\u00e9 o destino final, em Piraquara, na regi\u00e3o de Curitiba (PR). Entre os 25 transferidos, havia presos de alta periculosidade, o que exigiu ainda mais rigor nos protocolos de seguran\u00e7a adotados durante toda a opera\u00e7\u00e3o.<\/span><\/p>\n<p style=\"text-align: justify;\"><span style=\"font-weight: 400;\">A opera\u00e7\u00e3o contou com 16 Policiais Penais do Servi\u00e7o de Opera\u00e7\u00f5es e Escoltas (SOE) e quatro Policiais Penais do N\u00facleo de Opera\u00e7\u00f5es T\u00e1ticas (NOT). Ao todo, foram empregadas cinco viaturas na opera\u00e7\u00e3o.<\/span><\/p>\n<figure id=\"attachment_24657\" aria-describedby=\"caption-attachment-24657\" style=\"width: 696px\" class=\"wp-caption aligncenter\"><a href=\"http:\/\/sejuri.sc.gov.br\/wp-content\/uploads\/2026\/04\/IMG_0606.jpg-scaled.jpeg\"><img fetchpriority=\"high\" decoding=\"async\" class=\"wp-image-24657 size-large\" src=\"http:\/\/sejuri.sc.gov.br\/wp-content\/uploads\/2026\/04\/IMG_0606.jpg-1024x768.jpeg\" alt=\"\" width=\"696\" height=\"522\" srcset=\"https:\/\/sejuri.sc.gov.br\/wp-content\/uploads\/2026\/04\/IMG_0606.jpg-1024x768.jpeg 1024w, https:\/\/sejuri.sc.gov.br\/wp-content\/uploads\/2026\/04\/IMG_0606.jpg-300x225.jpeg 300w, https:\/\/sejuri.sc.gov.br\/wp-content\/uploads\/2026\/04\/IMG_0606.jpg-768x576.jpeg 768w, https:\/\/sejuri.sc.gov.br\/wp-content\/uploads\/2026\/04\/IMG_0606.jpg-1536x1152.jpeg 1536w, https:\/\/sejuri.sc.gov.br\/wp-content\/uploads\/2026\/04\/IMG_0606.jpg-2048x1536.jpeg 2048w, https:\/\/sejuri.sc.gov.br\/wp-content\/uploads\/2026\/04\/IMG_0606.jpg-16x12.jpeg 16w\" sizes=\"(max-width: 696px) 100vw, 696px\" \/><\/a><figcaption id=\"caption-attachment-24657\" class=\"wp-caption-text\">Foto: Wolker D\u00e1vila &#8211; Policial Penal\/ Divulga\u00e7\u00e3o Sejuri<\/figcaption><\/figure>\n<p style=\"text-align: justify;\"><span style=\"font-weight: 400;\">A escolta foi executada com planejamento estrat\u00e9gico e rigor t\u00e9cnico, assegurando o cumprimento dos protocolos de seguran\u00e7a durante todo o deslocamento. O SOE, equipe especializada da Pol\u00edcia Penal, foi respons\u00e1vel pela condu\u00e7\u00e3o da opera\u00e7\u00e3o, especialmente no manejo de custodiados que demandam maior n\u00edvel de aten\u00e7\u00e3o.<\/span><\/p>\n<p style=\"text-align: justify;\"><span style=\"font-weight: 400;\">A a\u00e7\u00e3o integra o trabalho cont\u00ednuo da Pol\u00edcia Penal de Santa Catarina voltado \u00e0 gest\u00e3o do sistema prisional, com foco na organiza\u00e7\u00e3o das unidades e no cumprimento das determina\u00e7\u00f5es judiciais de recambiamento.<\/span><\/p>\n<p style=\"text-align: justify;\"><span style=\"font-weight: 400;\">Para a secret\u00e1ria de Justi\u00e7a e Reintegra\u00e7\u00e3o Social, Danielle Amorim Silva, a a\u00e7\u00e3o \u00e9 estrat\u00e9gica para aliviar a press\u00e3o sobre o sistema prisional catarinense. \u201cEstamos trabalhando de forma cont\u00ednua para devolver aos seus estados de origem aqueles custodiados que n\u00e3o pertencem a Santa Catarina. Esse movimento \u00e9 fundamental para desafogar o sistema prisional e garantir melhores condi\u00e7\u00f5es de gest\u00e3o e seguran\u00e7a nas nossas unidades\u201d, destacou.<\/span><\/p>\n<p style=\"text-align: justify;\"><span style=\"font-weight: 400;\">O diretor de Servi\u00e7os e Opera\u00e7\u00f5es, Tiago Aislan Cavalheiro, ressaltou o preparo das equipes envolvidas. \u201cEssa opera\u00e7\u00e3o demonstra a capacidade t\u00e9cnica e a pronta resposta da Pol\u00edcia Penal de Santa Catarina. Atuamos com planejamento, integra\u00e7\u00e3o e rigor nos protocolos, garantindo uma escolta segura e eficiente em todas as etapas\u201d, afirmou.<\/span><\/p>\n<p style=\"text-align: justify;\"><span style=\"font-weight: 400;\">A institui\u00e7\u00e3o refor\u00e7a que opera\u00e7\u00f5es como esta evidenciam a capacidade operacional e o preparo t\u00e9cnico das equipes, garantindo seguran\u00e7a, efici\u00eancia e responsabilidade em todas as etapas da escolta.<\/span><\/p>\n<p style=\"text-align: justify;\">","protected":false},"excerpt":{"rendered":"<p>Nesta ter\u00e7a-feira (28), a Pol\u00edcia Penal de Santa Catarina realizou mais uma opera\u00e7\u00e3o de escolta interestadual, garantindo a transfer\u00eancia de 25 pessoas privadas de liberdade do estado catarinense para o Paran\u00e1. Os custodiados, oriundos de diferentes unidades prisionais do estado, foram concentrados em Joinville, de onde seguiram em transfer\u00eancia escoltada at\u00e9 o destino final, em [&hellip;]<\/p>\n","protected":false},"author":10,"featured_media":24656,"comment_status":"closed","ping_status":"closed","sticky":false,"template":"","format":"standard","meta":{"_monsterinsights_skip_tracking":false,"_monsterinsights_sitenote_active":false,"_monsterinsights_sitenote_note":"","_monsterinsights_sitenote_category":0,"footnotes":"","_wp_rev_ctl_limit":""},"categories":[1296,46],"tags":[1336],"publishpress_future_action":{"enabled":false,"date":"2026-05-05 21:39:03","action":"change-status","newStatus":"draft","terms":[],"taxonomy":"category"},"publishpress_future_workflow_manual_trigger":{"enabledWorkflows":[]},"_links":{"self":[{"href":"https:\/\/sejuri.sc.gov.br\/en\/wp-json\/wp\/v2\/posts\/24655"}],"collection":[{"href":"https:\/\/sejuri.sc.gov.br\/en\/wp-json\/wp\/v2\/posts"}],"about":[{"href":"https:\/\/sejuri.sc.gov.br\/en\/wp-json\/wp\/v2\/types\/post"}],"author":[{"embeddable":true,"href":"https:\/\/sejuri.sc.gov.br\/en\/wp-json\/wp\/v2\/users\/10"}],"replies":[{"embeddable":true,"href":"https:\/\/sejuri.sc.gov.br\/en\/wp-json\/wp\/v2\/comments?post=24655"}],"version-history":[{"count":3,"href":"https:\/\/sejuri.sc.gov.br\/en\/wp-json\/wp\/v2\/posts\/24655\/revisions"}],"predecessor-version":[{"id":24664,"href":"https:\/\/sejuri.sc.gov.br\/en\/wp-json\/wp\/v2\/posts\/24655\/revisions\/24664"}],"wp:featuredmedia":[{"embeddable":true,"href":"https:\/\/sejuri.sc.gov.br\/en\/wp-json\/wp\/v2\/media\/24656"}],"wp:attachment":[{"href":"https:\/\/sejuri.sc.gov.br\/en\/wp-json\/wp\/v2\/media?parent=24655"}],"wp:term":[{"taxonomy":"category","embeddable":true,"href":"https:\/\/sejuri.sc.gov.br\/en\/wp-json\/wp\/v2\/categories?post=24655"},{"taxonomy":"post_tag","embeddable":true,"href":"https:\/\/sejuri.sc.gov.br\/en\/wp-json\/wp\/v2\/tags?post=24655"}],"curies":[{"name":"wp","href":"https:\/\/api.w.org\/{rel}","templated":true}]}}